{"id":17381,"date":"2024-02-05T15:06:33","date_gmt":"2024-02-05T15:06:33","guid":{"rendered":"https:\/\/purple-eye.ch\/?p=17381"},"modified":"2024-02-05T15:40:36","modified_gmt":"2024-02-05T15:40:36","slug":"aito-by-marie-pierre-cravedi","status":"publish","type":"post","link":"https:\/\/purple-eye.ch\/fr\/aito-by-marie-pierre-cravedi\/","title":{"rendered":"Aito by Marie-Pierre Cravedi"},"content":{"rendered":"<div class=\"wpb-content-wrapper\"><p>[vc_row css=\u00a0\u00bb.vc_custom_1706527207154{margin-top: 100px !important;}\u00a0\u00bb][vc_column][vc_column_text]<\/p>\n<h1>Aito<\/h1>\n<p><em>by<\/em> Marie-Pierre Cravedi[\/vc_column_text][\/vc_column][\/vc_row][vc_row][vc_column width=\u00a0\u00bb1\/2&Prime;][vc_single_image image=\u00a0\u00bb15515&Prime; img_size=\u00a0\u00bbfull\u00a0\u00bb][\/vc_column][vc_column width=\u00a0\u00bb1\/2&Prime;][vc_column_text]<\/p>\n<h2>Il faut essayer de tout remettre \u00e0 niveau. Les raisons des in\u00e9galit\u00e9s sont juste moyen\u00e2geuses.<\/h2>\n<p>[\/vc_column_text][vc_column_text]We have to try to upgrade everything. The reasons for inequality are just medieval.[\/vc_column_text][\/vc_column][\/vc_row][vc_row][vc_column width=\u00a0\u00bb1\/3&Prime;][vc_column_text]Marie-Pierre Cravedi[\/vc_column_text][\/vc_column][vc_column width=\u00a0\u00bb1\/3&Prime;][vc_column_text]Lausanne[\/vc_column_text][\/vc_column][vc_column width=\u00a0\u00bb1\/3&Prime;][vc_column_text]<a href=\"https:\/\/mariepierrecravedi.com\/\" target=\"_blank\" rel=\"noopener\">mariepierrecravedi.com<\/a>[\/vc_column_text][\/vc_column][\/vc_row]<\/p>\n<\/div>","protected":false},"excerpt":{"rendered":"<p>[vc_row css=\u00a0\u00bb.vc_custom_1706527207154{margin-top: 100px !important;}\u00a0\u00bb][vc_column][vc_column_text] Aito by Marie-Pierre Cravedi[\/vc_column_text][\/vc_column][\/vc_row][vc_row][vc_column width=\u00a0\u00bb1\/2&Prime;][vc_single_image image=\u00a0\u00bb15515&Prime; img_size=\u00a0\u00bbfull\u00a0\u00bb][\/vc_column][vc_column width=\u00a0\u00bb1\/2&Prime;][vc_column_text] Il faut essayer de tout remettre \u00e0 niveau. Les raisons des in\u00e9galit\u00e9s sont juste moyen\u00e2geuses. [\/vc_column_text][vc_column_text]We have to try to upgrade everything. The reasons for inequality are just medieval.[\/vc_column_text][\/vc_column][\/vc_row][vc_row][vc_column width=\u00a0\u00bb1\/3&Prime;][vc_column_text]Marie-Pierre Cravedi[\/vc_column_text][\/vc_column][vc_column width=\u00a0\u00bb1\/3&Prime;][vc_column_text]Lausanne[\/vc_column_text][\/vc_column][vc_column width=\u00a0\u00bb1\/3&Prime;][vc_column_text]mariepierrecravedi.com[\/vc_column_text][\/vc_column][\/vc_row]<\/p>\n","protected":false},"author":2,"featured_media":15515,"comment_status":"closed","ping_status":"closed","sticky":false,"template":"","format":"standard","meta":{"_acf_changed":false,"footnotes":""},"categories":[392],"tags":[],"class_list":["post-17381","post","type-post","status-publish","format-standard","has-post-thumbnail","hentry","category-ibidebiwil-fr"],"acf":[],"_links":{"self":[{"href":"https:\/\/purple-eye.ch\/fr\/wp-json\/wp\/v2\/posts\/17381","targetHints":{"allow":["GET"]}}],"collection":[{"href":"https:\/\/purple-eye.ch\/fr\/wp-json\/wp\/v2\/posts"}],"about":[{"href":"https:\/\/purple-eye.ch\/fr\/wp-json\/wp\/v2\/types\/post"}],"author":[{"embeddable":true,"href":"https:\/\/purple-eye.ch\/fr\/wp-json\/wp\/v2\/users\/2"}],"replies":[{"embeddable":true,"href":"https:\/\/purple-eye.ch\/fr\/wp-json\/wp\/v2\/comments?post=17381"}],"version-history":[{"count":1,"href":"https:\/\/purple-eye.ch\/fr\/wp-json\/wp\/v2\/posts\/17381\/revisions"}],"predecessor-version":[{"id":17421,"href":"https:\/\/purple-eye.ch\/fr\/wp-json\/wp\/v2\/posts\/17381\/revisions\/17421"}],"wp:featuredmedia":[{"embeddable":true,"href":"https:\/\/purple-eye.ch\/fr\/wp-json\/wp\/v2\/media\/15515"}],"wp:attachment":[{"href":"https:\/\/purple-eye.ch\/fr\/wp-json\/wp\/v2\/media?parent=17381"}],"wp:term":[{"taxonomy":"category","embeddable":true,"href":"https:\/\/purple-eye.ch\/fr\/wp-json\/wp\/v2\/categories?post=17381"},{"taxonomy":"post_tag","embeddable":true,"href":"https:\/\/purple-eye.ch\/fr\/wp-json\/wp\/v2\/tags?post=17381"}],"curies":[{"name":"wp","href":"https:\/\/api.w.org\/{rel}","templated":true}]}}