{"id":17382,"date":"2024-02-05T15:07:02","date_gmt":"2024-02-05T15:07:02","guid":{"rendered":"https:\/\/purple-eye.ch\/?p=17382"},"modified":"2024-02-05T15:40:45","modified_gmt":"2024-02-05T15:40:45","slug":"rhea-van-dok-by-cleo-beatrice-flueckiger","status":"publish","type":"post","link":"https:\/\/purple-eye.ch\/fr\/rhea-van-dok-by-cleo-beatrice-flueckiger\/","title":{"rendered":"Rhea van Dok by Cl\u00e9o B\u00e9atrice Fl\u00fcckiger"},"content":{"rendered":"<div class=\"wpb-content-wrapper\"><p>[vc_row css=\u00a0\u00bb.vc_custom_1706527207154{margin-top: 100px !important;}\u00a0\u00bb][vc_column][vc_column_text]<\/p>\n<h1>Rhea van Dok<\/h1>\n<p><em>by<\/em> Cl\u00e9o B\u00e9atrice Fl\u00fcckiger[\/vc_column_text][\/vc_column][\/vc_row][vc_row][vc_column width=\u00a0\u00bb1\/2&Prime;][vc_single_image image=\u00a0\u00bb15882&Prime; img_size=\u00a0\u00bbfull\u00a0\u00bb][\/vc_column][vc_column width=\u00a0\u00bb1\/2&Prime;][vc_column_text]<\/p>\n<h2>Auf die Strasse fu\u0308r die Gleichberechtigung aller Geschlechter, fu\u0308r gleichen Lohn fu\u0308r gleichwertige Arbeit und eine feministische solidarische Gesellschaft!<\/h2>\n<p>[\/vc_column_text][vc_column_text]Rhea van Dok, Bern[\/vc_column_text][\/vc_column][\/vc_row][vc_row][vc_column width=\u00a0\u00bb1\/3&Prime;][vc_column_text]<a href=\"https:\/\/purple-eye.ch\/portfolio\/cleo-beatrice-fluckiger\/\">Cl\u00e9o B\u00e9atrice Fl\u00fcckiger<\/a>[\/vc_column_text][\/vc_column][vc_column width=\u00a0\u00bb1\/3&Prime;][vc_column_text]Bern[\/vc_column_text][\/vc_column][vc_column width=\u00a0\u00bb1\/3&Prime;][vc_column_text]cleopatre.ch[\/vc_column_text][\/vc_column][\/vc_row]<\/p>\n<\/div>","protected":false},"excerpt":{"rendered":"<p>[vc_row css=\u00a0\u00bb.vc_custom_1706527207154{margin-top: 100px !important;}\u00a0\u00bb][vc_column][vc_column_text] Rhea van Dok by Cl\u00e9o B\u00e9atrice Fl\u00fcckiger[\/vc_column_text][\/vc_column][\/vc_row][vc_row][vc_column width=\u00a0\u00bb1\/2&Prime;][vc_single_image image=\u00a0\u00bb15882&Prime; img_size=\u00a0\u00bbfull\u00a0\u00bb][\/vc_column][vc_column width=\u00a0\u00bb1\/2&Prime;][vc_column_text] Auf die Strasse fu\u0308r die Gleichberechtigung aller Geschlechter, fu\u0308r gleichen Lohn fu\u0308r gleichwertige Arbeit und eine feministische solidarische Gesellschaft! [\/vc_column_text][vc_column_text]Rhea van Dok, Bern[\/vc_column_text][\/vc_column][\/vc_row][vc_row][vc_column width=\u00a0\u00bb1\/3&Prime;][vc_column_text]Cl\u00e9o B\u00e9atrice Fl\u00fcckiger[\/vc_column_text][\/vc_column][vc_column width=\u00a0\u00bb1\/3&Prime;][vc_column_text]Bern[\/vc_column_text][\/vc_column][vc_column width=\u00a0\u00bb1\/3&Prime;][vc_column_text]cleopatre.ch[\/vc_column_text][\/vc_column][\/vc_row]<\/p>\n","protected":false},"author":2,"featured_media":15882,"comment_status":"closed","ping_status":"closed","sticky":false,"template":"","format":"standard","meta":{"_acf_changed":false,"footnotes":""},"categories":[392],"tags":[],"class_list":["post-17382","post","type-post","status-publish","format-standard","has-post-thumbnail","hentry","category-ibidebiwil-fr"],"acf":[],"_links":{"self":[{"href":"https:\/\/purple-eye.ch\/fr\/wp-json\/wp\/v2\/posts\/17382","targetHints":{"allow":["GET"]}}],"collection":[{"href":"https:\/\/purple-eye.ch\/fr\/wp-json\/wp\/v2\/posts"}],"about":[{"href":"https:\/\/purple-eye.ch\/fr\/wp-json\/wp\/v2\/types\/post"}],"author":[{"embeddable":true,"href":"https:\/\/purple-eye.ch\/fr\/wp-json\/wp\/v2\/users\/2"}],"replies":[{"embeddable":true,"href":"https:\/\/purple-eye.ch\/fr\/wp-json\/wp\/v2\/comments?post=17382"}],"version-history":[{"count":1,"href":"https:\/\/purple-eye.ch\/fr\/wp-json\/wp\/v2\/posts\/17382\/revisions"}],"predecessor-version":[{"id":17422,"href":"https:\/\/purple-eye.ch\/fr\/wp-json\/wp\/v2\/posts\/17382\/revisions\/17422"}],"wp:featuredmedia":[{"embeddable":true,"href":"https:\/\/purple-eye.ch\/fr\/wp-json\/wp\/v2\/media\/15882"}],"wp:attachment":[{"href":"https:\/\/purple-eye.ch\/fr\/wp-json\/wp\/v2\/media?parent=17382"}],"wp:term":[{"taxonomy":"category","embeddable":true,"href":"https:\/\/purple-eye.ch\/fr\/wp-json\/wp\/v2\/categories?post=17382"},{"taxonomy":"post_tag","embeddable":true,"href":"https:\/\/purple-eye.ch\/fr\/wp-json\/wp\/v2\/tags?post=17382"}],"curies":[{"name":"wp","href":"https:\/\/api.w.org\/{rel}","templated":true}]}}