{"id":17398,"date":"2024-02-05T15:27:36","date_gmt":"2024-02-05T15:27:36","guid":{"rendered":"https:\/\/purple-eye.ch\/?p=17398"},"modified":"2024-02-05T15:27:42","modified_gmt":"2024-02-05T15:27:42","slug":"naomi-jones-by-nicole-philipp","status":"publish","type":"post","link":"https:\/\/purple-eye.ch\/fr\/naomi-jones-by-nicole-philipp\/","title":{"rendered":"Naomi Jones by Nicole Philipp"},"content":{"rendered":"<div class=\"wpb-content-wrapper\"><p>[vc_row css=\u00a0\u00bb.vc_custom_1706527207154{margin-top: 100px !important;}\u00a0\u00bb][vc_column][vc_column_text]<\/p>\n<h1>Naomi Jones<\/h1>\n<p><em>by<\/em> Nicole Philipp[\/vc_column_text][\/vc_column][\/vc_row][vc_row][vc_column width=\u00a0\u00bb1\/2&Prime;][vc_single_image image=\u00a0\u00bb15663&Prime; img_size=\u00a0\u00bbfull\u00a0\u00bb][\/vc_column][vc_column width=\u00a0\u00bb1\/2&Prime;][vc_column_text]<\/p>\n<h2>Ich streike am 14. Juni, weil in der Schweiz die echte Vereinbarkeit von Beruf und Familie immer noch ein Privileg weniger Frauen und M\u00e4nner ist, statt die Realit\u00e4t vieler Eltern.<\/h2>\n<p>Trotz nach wie vor bestehenden H\u00fcrden, denen viele Frauen im geb\u00e4rf\u00e4higen Alter und M\u00fctter in der Arbeitswelt ausgesetzt sind, sind ihnen k\u00fcrzlich ausgleichende Rechte \u2013 etwa in der Altersvorsorge und im Scheidungsrecht \u2013 genommen worden. Sogar das zentrale Recht am eigenen K\u00f6rper wird \u00fcber Anti-Abtreibungsinitiativen einmal mehr angegriffen.[\/vc_column_text][vc_column_text]Naomi Jones, Journalistin, Bern[\/vc_column_text][\/vc_column][\/vc_row][vc_row][vc_column width=\u00a0\u00bb1\/3&Prime;][vc_column_text]<a href=\"https:\/\/purple-eye.ch\/portfolio\/nicole-philipp\/\">Nicole Philipp<\/a>[\/vc_column_text][\/vc_column][vc_column width=\u00a0\u00bb1\/3&Prime;][vc_column_text]Bern[\/vc_column_text][\/vc_column][vc_column width=\u00a0\u00bb1\/3&Prime;][vc_column_text]<a href=\"https:\/\/www.nicolephilipp.com\/\" target=\"_blank\" rel=\"noopener\">nicolephilipp.com<\/a>[\/vc_column_text][\/vc_column][\/vc_row]<\/p>\n<\/div>","protected":false},"excerpt":{"rendered":"<p>[vc_row css=\u00a0\u00bb.vc_custom_1706527207154{margin-top: 100px !important;}\u00a0\u00bb][vc_column][vc_column_text] Naomi Jones by Nicole Philipp[\/vc_column_text][\/vc_column][\/vc_row][vc_row][vc_column width=\u00a0\u00bb1\/2&Prime;][vc_single_image image=\u00a0\u00bb15663&Prime; img_size=\u00a0\u00bbfull\u00a0\u00bb][\/vc_column][vc_column width=\u00a0\u00bb1\/2&Prime;][vc_column_text] Ich streike am 14. Juni, weil in der Schweiz die echte Vereinbarkeit von Beruf und Familie immer noch ein Privileg weniger Frauen und M\u00e4nner ist, statt die Realit\u00e4t vieler Eltern. Trotz nach wie vor bestehenden H\u00fcrden, denen viele Frauen im geb\u00e4rf\u00e4higen Alter&hellip;<\/p>\n","protected":false},"author":2,"featured_media":15663,"comment_status":"closed","ping_status":"closed","sticky":false,"template":"","format":"standard","meta":{"_acf_changed":false,"footnotes":""},"categories":[392],"tags":[],"class_list":["post-17398","post","type-post","status-publish","format-standard","has-post-thumbnail","hentry","category-ibidebiwil-fr"],"acf":[],"_links":{"self":[{"href":"https:\/\/purple-eye.ch\/fr\/wp-json\/wp\/v2\/posts\/17398","targetHints":{"allow":["GET"]}}],"collection":[{"href":"https:\/\/purple-eye.ch\/fr\/wp-json\/wp\/v2\/posts"}],"about":[{"href":"https:\/\/purple-eye.ch\/fr\/wp-json\/wp\/v2\/types\/post"}],"author":[{"embeddable":true,"href":"https:\/\/purple-eye.ch\/fr\/wp-json\/wp\/v2\/users\/2"}],"replies":[{"embeddable":true,"href":"https:\/\/purple-eye.ch\/fr\/wp-json\/wp\/v2\/comments?post=17398"}],"version-history":[{"count":1,"href":"https:\/\/purple-eye.ch\/fr\/wp-json\/wp\/v2\/posts\/17398\/revisions"}],"predecessor-version":[{"id":17438,"href":"https:\/\/purple-eye.ch\/fr\/wp-json\/wp\/v2\/posts\/17398\/revisions\/17438"}],"wp:featuredmedia":[{"embeddable":true,"href":"https:\/\/purple-eye.ch\/fr\/wp-json\/wp\/v2\/media\/15663"}],"wp:attachment":[{"href":"https:\/\/purple-eye.ch\/fr\/wp-json\/wp\/v2\/media?parent=17398"}],"wp:term":[{"taxonomy":"category","embeddable":true,"href":"https:\/\/purple-eye.ch\/fr\/wp-json\/wp\/v2\/categories?post=17398"},{"taxonomy":"post_tag","embeddable":true,"href":"https:\/\/purple-eye.ch\/fr\/wp-json\/wp\/v2\/tags?post=17398"}],"curies":[{"name":"wp","href":"https:\/\/api.w.org\/{rel}","templated":true}]}}